{"id":1308,"date":"2023-09-29T14:17:52","date_gmt":"2023-09-29T17:17:52","guid":{"rendered":"https:\/\/maian.com.br\/?p=1308"},"modified":"2024-02-06T16:42:50","modified_gmt":"2024-02-06T19:42:50","slug":"gestores-da-maian-participam-de-in-cosmetics-global","status":"publish","type":"post","link":"https:\/\/maian.com.br\/en\/2023\/09\/29\/gestores-da-maian-participam-de-in-cosmetics-global\/","title":{"rendered":"Participa\u00e7\u00e3o da Maian na In-cosmetics, maior Feira de ingredientes."},"content":{"rendered":"<p>A Maian, mais uma vez, marcou presen\u00e7a na <strong>In-cosmetics<\/strong>, a maior feira de ingredientes cosm\u00e9ticos do mundo, que ocorreu de 27 a 28 de setembro de 2023, no Expo Center, Norte em S\u00e3o Paulo. Com um estande robusto, a marca mostrou seus diferenciais e solu\u00e7\u00f5es para a ind\u00fastria de beleza e cuidados pessoais.<\/p>\n<p>A Maian tamb\u00e9m se sobressaiu pela sua proposta de valoriza\u00e7\u00e3o e divulga\u00e7\u00e3o da biodiversidade brasileira, dando d<span class=\"OYPEnA text-decoration-none text-strikethrough-none\">estaque para <strong>produtos naturais e veganos<\/strong>, refletindo a crescente demanda por op\u00e7\u00f5es sustent\u00e1veis e \u00e9ticas.<\/span> A participa\u00e7\u00e3o da Maian na In-cosmetics foi um \u00eaxito, de grande visibilidade, reconhecimento e oportunidades para a marca, que se firmou como uma refer\u00eancia em cosm\u00e9ticos naturais e sustent\u00e1veis\u00a0 \u00a0no mundo. A empresa mostrou que \u00e9 poss\u00edvel aliar inova\u00e7\u00e3o, qualidade e responsabilidade\u00a0 ambiental, criando produtos que atendem \u00e0s necessidades e expectativas dos consumidores mais exigentes.<\/p>\n<p>&nbsp;<\/p>\n<p><iframe loading=\"lazy\" title=\"Maian participates in In cosmetics Global Barcelona 2023\" width=\"500\" height=\"281\" src=\"https:\/\/www.youtube.com\/embed\/ucn5nPNpuKc?feature=oembed\" frameborder=\"0\" allow=\"accelerometer; autoplay; clipboard-write; encrypted-media; gyroscope; picture-in-picture; web-share\" referrerpolicy=\"strict-origin-when-cross-origin\" allowfullscreen><\/iframe><\/p>\n<p>&nbsp;<\/p>","protected":false},"excerpt":{"rendered":"<p>A Maian, mais uma vez, marcou presen\u00e7a na In-cosmetics, a maior feira de ingredientes cosm\u00e9ticos do mundo, que ocorreu de 27 a 28 de setembro de 2023, no Expo Center, Norte em S\u00e3o Paulo. Com um estande robusto, a marca mostrou seus diferenciais e solu\u00e7\u00f5es para a ind\u00fastria de beleza e cuidados pessoais. A Maian [&hellip;]<\/p>","protected":false},"author":4,"featured_media":1310,"comment_status":"open","ping_status":"open","sticky":false,"template":"","format":"standard","meta":{"footnotes":""},"categories":[1],"tags":[],"class_list":["post-1308","post","type-post","status-publish","format-standard","has-post-thumbnail","hentry","category-blog"],"acf":[],"yoast_head":"<!-- This site is optimized with the Yoast SEO Premium plugin v24.7 (Yoast SEO v24.7) - https:\/\/yoast.com\/wordpress\/plugins\/seo\/ -->\n<title>Maian<\/title>\n<meta name=\"description\" content=\"Mat\u00e9rias primas para os setores Aliment\u00edcio, Cosm\u00e9tico, Domissanit\u00e1rio, Farmac\u00eautico, Agropecu\u00e1rio e outras Ind\u00fastrias.\" \/>\n<meta name=\"robots\" content=\"index, follow, max-snippet:-1, max-image-preview:large, max-video-preview:-1\" \/>\n<link rel=\"canonical\" href=\"https:\/\/maian.com.br\/en\/2023\/09\/29\/gestores-da-maian-participam-de-in-cosmetics-global\/\" \/>\n<meta property=\"og:locale\" content=\"en_US\" \/>\n<meta property=\"og:type\" content=\"article\" \/>\n<meta property=\"og:title\" content=\"Maian\" \/>\n<meta property=\"og:description\" content=\"Mat\u00e9rias primas para os setores Aliment\u00edcio, Cosm\u00e9tico, Domissanit\u00e1rio, Farmac\u00eautico, Agropecu\u00e1rio e outras Ind\u00fastrias.\" \/>\n<meta property=\"og:url\" content=\"https:\/\/maian.com.br\/en\/2023\/09\/29\/gestores-da-maian-participam-de-in-cosmetics-global\/\" \/>\n<meta property=\"og:site_name\" content=\"Maian\" \/>\n<meta property=\"article:publisher\" content=\"https:\/\/www.facebook.com\/maianoficial\" \/>\n<meta property=\"article:published_time\" content=\"2023-09-29T17:17:52+00:00\" \/>\n<meta property=\"article:modified_time\" content=\"2024-02-06T19:42:50+00:00\" \/>\n<meta property=\"og:image\" content=\"https:\/\/maian.com.br\/wp-content\/uploads\/2023\/11\/2-NOTICIA.png\" \/>\n\t<meta property=\"og:image:width\" content=\"350\" \/>\n\t<meta property=\"og:image:height\" content=\"250\" \/>\n\t<meta property=\"og:image:type\" content=\"image\/png\" \/>\n<meta name=\"author\" content=\"Admin Maian\" \/>\n<meta name=\"twitter:card\" content=\"summary_large_image\" \/>\n<meta name=\"twitter:label1\" content=\"Written by\" \/>\n\t<meta name=\"twitter:data1\" content=\"Admin Maian\" \/>\n\t<meta name=\"twitter:label2\" content=\"Est. reading time\" \/>\n\t<meta name=\"twitter:data2\" content=\"1 minute\" \/>\n<script type=\"application\/ld+json\" class=\"yoast-schema-graph\">{\"@context\":\"https:\/\/schema.org\",\"@graph\":[{\"@type\":\"Article\",\"@id\":\"https:\/\/maian.com.br\/2023\/09\/29\/gestores-da-maian-participam-de-in-cosmetics-global\/#article\",\"isPartOf\":{\"@id\":\"https:\/\/maian.com.br\/2023\/09\/29\/gestores-da-maian-participam-de-in-cosmetics-global\/\"},\"author\":{\"name\":\"Admin Maian\",\"@id\":\"https:\/\/maian.com.br\/#\/schema\/person\/affd8570326b8ecad8abb9ec1db5513a\"},\"headline\":\"Participa\u00e7\u00e3o da Maian na In-cosmetics, maior Feira de ingredientes.\",\"datePublished\":\"2023-09-29T17:17:52+00:00\",\"dateModified\":\"2024-02-06T19:42:50+00:00\",\"mainEntityOfPage\":{\"@id\":\"https:\/\/maian.com.br\/2023\/09\/29\/gestores-da-maian-participam-de-in-cosmetics-global\/\"},\"wordCount\":171,\"commentCount\":0,\"publisher\":{\"@id\":\"https:\/\/maian.com.br\/#organization\"},\"image\":{\"@id\":\"https:\/\/maian.com.br\/2023\/09\/29\/gestores-da-maian-participam-de-in-cosmetics-global\/#primaryimage\"},\"thumbnailUrl\":\"https:\/\/maian.com.br\/wp-content\/uploads\/2023\/11\/2-NOTICIA.png\",\"articleSection\":[\"Not\u00edcias\"],\"inLanguage\":\"en-US\",\"potentialAction\":[{\"@type\":\"CommentAction\",\"name\":\"Comment\",\"target\":[\"https:\/\/maian.com.br\/2023\/09\/29\/gestores-da-maian-participam-de-in-cosmetics-global\/#respond\"]}]},{\"@type\":\"WebPage\",\"@id\":\"https:\/\/maian.com.br\/2023\/09\/29\/gestores-da-maian-participam-de-in-cosmetics-global\/\",\"url\":\"https:\/\/maian.com.br\/2023\/09\/29\/gestores-da-maian-participam-de-in-cosmetics-global\/\",\"name\":\"Maian\",\"isPartOf\":{\"@id\":\"https:\/\/maian.com.br\/#website\"},\"primaryImageOfPage\":{\"@id\":\"https:\/\/maian.com.br\/2023\/09\/29\/gestores-da-maian-participam-de-in-cosmetics-global\/#primaryimage\"},\"image\":{\"@id\":\"https:\/\/maian.com.br\/2023\/09\/29\/gestores-da-maian-participam-de-in-cosmetics-global\/#primaryimage\"},\"thumbnailUrl\":\"https:\/\/maian.com.br\/wp-content\/uploads\/2023\/11\/2-NOTICIA.png\",\"datePublished\":\"2023-09-29T17:17:52+00:00\",\"dateModified\":\"2024-02-06T19:42:50+00:00\",\"description\":\"Mat\u00e9rias primas para os setores Aliment\u00edcio, Cosm\u00e9tico, Domissanit\u00e1rio, Farmac\u00eautico, Agropecu\u00e1rio e outras Ind\u00fastrias.\",\"breadcrumb\":{\"@id\":\"https:\/\/maian.com.br\/2023\/09\/29\/gestores-da-maian-participam-de-in-cosmetics-global\/#breadcrumb\"},\"inLanguage\":\"en-US\",\"potentialAction\":[{\"@type\":\"ReadAction\",\"target\":[\"https:\/\/maian.com.br\/2023\/09\/29\/gestores-da-maian-participam-de-in-cosmetics-global\/\"]}]},{\"@type\":\"ImageObject\",\"inLanguage\":\"en-US\",\"@id\":\"https:\/\/maian.com.br\/2023\/09\/29\/gestores-da-maian-participam-de-in-cosmetics-global\/#primaryimage\",\"url\":\"https:\/\/maian.com.br\/wp-content\/uploads\/2023\/11\/2-NOTICIA.png\",\"contentUrl\":\"https:\/\/maian.com.br\/wp-content\/uploads\/2023\/11\/2-NOTICIA.png\",\"width\":350,\"height\":250},{\"@type\":\"BreadcrumbList\",\"@id\":\"https:\/\/maian.com.br\/2023\/09\/29\/gestores-da-maian-participam-de-in-cosmetics-global\/#breadcrumb\",\"itemListElement\":[{\"@type\":\"ListItem\",\"position\":1,\"name\":\"Home\",\"item\":\"https:\/\/maian.com.br\/\"},{\"@type\":\"ListItem\",\"position\":2,\"name\":\"Participa\u00e7\u00e3o da Maian na In-cosmetics, maior Feira de ingredientes.\"}]},{\"@type\":\"WebSite\",\"@id\":\"https:\/\/maian.com.br\/#website\",\"url\":\"https:\/\/maian.com.br\/\",\"name\":\"Maian\",\"description\":\"Inovadora por Natureza\",\"publisher\":{\"@id\":\"https:\/\/maian.com.br\/#organization\"},\"potentialAction\":[{\"@type\":\"SearchAction\",\"target\":{\"@type\":\"EntryPoint\",\"urlTemplate\":\"https:\/\/maian.com.br\/?s={search_term_string}\"},\"query-input\":{\"@type\":\"PropertyValueSpecification\",\"valueRequired\":true,\"valueName\":\"search_term_string\"}}],\"inLanguage\":\"en-US\"},{\"@type\":\"Organization\",\"@id\":\"https:\/\/maian.com.br\/#organization\",\"name\":\"Maian\",\"url\":\"https:\/\/maian.com.br\/\",\"logo\":{\"@type\":\"ImageObject\",\"inLanguage\":\"en-US\",\"@id\":\"https:\/\/maian.com.br\/#\/schema\/logo\/image\/\",\"url\":\"https:\/\/maian.com.br\/wp-content\/uploads\/2024\/01\/logosocial.png\",\"contentUrl\":\"https:\/\/maian.com.br\/wp-content\/uploads\/2024\/01\/logosocial.png\",\"width\":200,\"height\":200,\"caption\":\"Maian\"},\"image\":{\"@id\":\"https:\/\/maian.com.br\/#\/schema\/logo\/image\/\"},\"sameAs\":[\"https:\/\/www.facebook.com\/maianoficial\",\"https:\/\/www.instagram.com\/maianoficial\/\",\"https:\/\/www.linkedin.com\/company\/maian\/?originalSubdomain=br\",\"https:\/\/www.youtube.com\/@maian-inovadorapornatureza2335\"]},{\"@type\":\"Person\",\"@id\":\"https:\/\/maian.com.br\/#\/schema\/person\/affd8570326b8ecad8abb9ec1db5513a\",\"name\":\"Admin Maian\",\"image\":{\"@type\":\"ImageObject\",\"inLanguage\":\"en-US\",\"@id\":\"https:\/\/maian.com.br\/#\/schema\/person\/image\/\",\"url\":\"https:\/\/secure.gravatar.com\/avatar\/53247144fdbdc0ee8dc79ab832d3c87fd0d8dfb2fde9da0e87448af432f7cea8?s=96&d=mm&r=g\",\"contentUrl\":\"https:\/\/secure.gravatar.com\/avatar\/53247144fdbdc0ee8dc79ab832d3c87fd0d8dfb2fde9da0e87448af432f7cea8?s=96&d=mm&r=g\",\"caption\":\"Admin Maian\"},\"url\":\"https:\/\/maian.com.br\/en\/author\/maiansp\/\"}]}<\/script>\n<!-- \/ Yoast SEO Premium plugin. -->","yoast_head_json":{"title":"Maian","description":"Mat\u00e9rias primas para os setores Aliment\u00edcio, Cosm\u00e9tico, Domissanit\u00e1rio, Farmac\u00eautico, Agropecu\u00e1rio e outras Ind\u00fastrias.","robots":{"index":"index","follow":"follow","max-snippet":"max-snippet:-1","max-image-preview":"max-image-preview:large","max-video-preview":"max-video-preview:-1"},"canonical":"https:\/\/maian.com.br\/en\/2023\/09\/29\/gestores-da-maian-participam-de-in-cosmetics-global\/","og_locale":"en_US","og_type":"article","og_title":"Maian","og_description":"Mat\u00e9rias primas para os setores Aliment\u00edcio, Cosm\u00e9tico, Domissanit\u00e1rio, Farmac\u00eautico, Agropecu\u00e1rio e outras Ind\u00fastrias.","og_url":"https:\/\/maian.com.br\/en\/2023\/09\/29\/gestores-da-maian-participam-de-in-cosmetics-global\/","og_site_name":"Maian","article_publisher":"https:\/\/www.facebook.com\/maianoficial","article_published_time":"2023-09-29T17:17:52+00:00","article_modified_time":"2024-02-06T19:42:50+00:00","og_image":[{"width":350,"height":250,"url":"https:\/\/maian.com.br\/wp-content\/uploads\/2023\/11\/2-NOTICIA.png","type":"image\/png"}],"author":"Admin Maian","twitter_card":"summary_large_image","twitter_misc":{"Written by":"Admin Maian","Est. reading time":"1 minute"},"schema":{"@context":"https:\/\/schema.org","@graph":[{"@type":"Article","@id":"https:\/\/maian.com.br\/2023\/09\/29\/gestores-da-maian-participam-de-in-cosmetics-global\/#article","isPartOf":{"@id":"https:\/\/maian.com.br\/2023\/09\/29\/gestores-da-maian-participam-de-in-cosmetics-global\/"},"author":{"name":"Admin Maian","@id":"https:\/\/maian.com.br\/#\/schema\/person\/affd8570326b8ecad8abb9ec1db5513a"},"headline":"Participa\u00e7\u00e3o da Maian na In-cosmetics, maior Feira de ingredientes.","datePublished":"2023-09-29T17:17:52+00:00","dateModified":"2024-02-06T19:42:50+00:00","mainEntityOfPage":{"@id":"https:\/\/maian.com.br\/2023\/09\/29\/gestores-da-maian-participam-de-in-cosmetics-global\/"},"wordCount":171,"commentCount":0,"publisher":{"@id":"https:\/\/maian.com.br\/#organization"},"image":{"@id":"https:\/\/maian.com.br\/2023\/09\/29\/gestores-da-maian-participam-de-in-cosmetics-global\/#primaryimage"},"thumbnailUrl":"https:\/\/maian.com.br\/wp-content\/uploads\/2023\/11\/2-NOTICIA.png","articleSection":["Not\u00edcias"],"inLanguage":"en-US","potentialAction":[{"@type":"CommentAction","name":"Comment","target":["https:\/\/maian.com.br\/2023\/09\/29\/gestores-da-maian-participam-de-in-cosmetics-global\/#respond"]}]},{"@type":"WebPage","@id":"https:\/\/maian.com.br\/2023\/09\/29\/gestores-da-maian-participam-de-in-cosmetics-global\/","url":"https:\/\/maian.com.br\/2023\/09\/29\/gestores-da-maian-participam-de-in-cosmetics-global\/","name":"Maian","isPartOf":{"@id":"https:\/\/maian.com.br\/#website"},"primaryImageOfPage":{"@id":"https:\/\/maian.com.br\/2023\/09\/29\/gestores-da-maian-participam-de-in-cosmetics-global\/#primaryimage"},"image":{"@id":"https:\/\/maian.com.br\/2023\/09\/29\/gestores-da-maian-participam-de-in-cosmetics-global\/#primaryimage"},"thumbnailUrl":"https:\/\/maian.com.br\/wp-content\/uploads\/2023\/11\/2-NOTICIA.png","datePublished":"2023-09-29T17:17:52+00:00","dateModified":"2024-02-06T19:42:50+00:00","description":"Mat\u00e9rias primas para os setores Aliment\u00edcio, Cosm\u00e9tico, Domissanit\u00e1rio, Farmac\u00eautico, Agropecu\u00e1rio e outras Ind\u00fastrias.","breadcrumb":{"@id":"https:\/\/maian.com.br\/2023\/09\/29\/gestores-da-maian-participam-de-in-cosmetics-global\/#breadcrumb"},"inLanguage":"en-US","potentialAction":[{"@type":"ReadAction","target":["https:\/\/maian.com.br\/2023\/09\/29\/gestores-da-maian-participam-de-in-cosmetics-global\/"]}]},{"@type":"ImageObject","inLanguage":"en-US","@id":"https:\/\/maian.com.br\/2023\/09\/29\/gestores-da-maian-participam-de-in-cosmetics-global\/#primaryimage","url":"https:\/\/maian.com.br\/wp-content\/uploads\/2023\/11\/2-NOTICIA.png","contentUrl":"https:\/\/maian.com.br\/wp-content\/uploads\/2023\/11\/2-NOTICIA.png","width":350,"height":250},{"@type":"BreadcrumbList","@id":"https:\/\/maian.com.br\/2023\/09\/29\/gestores-da-maian-participam-de-in-cosmetics-global\/#breadcrumb","itemListElement":[{"@type":"ListItem","position":1,"name":"Home","item":"https:\/\/maian.com.br\/"},{"@type":"ListItem","position":2,"name":"Participa\u00e7\u00e3o da Maian na In-cosmetics, maior Feira de ingredientes."}]},{"@type":"WebSite","@id":"https:\/\/maian.com.br\/#website","url":"https:\/\/maian.com.br\/","name":"Maian","description":"Inovadora por Natureza","publisher":{"@id":"https:\/\/maian.com.br\/#organization"},"potentialAction":[{"@type":"SearchAction","target":{"@type":"EntryPoint","urlTemplate":"https:\/\/maian.com.br\/?s={search_term_string}"},"query-input":{"@type":"PropertyValueSpecification","valueRequired":true,"valueName":"search_term_string"}}],"inLanguage":"en-US"},{"@type":"Organization","@id":"https:\/\/maian.com.br\/#organization","name":"Maian","url":"https:\/\/maian.com.br\/","logo":{"@type":"ImageObject","inLanguage":"en-US","@id":"https:\/\/maian.com.br\/#\/schema\/logo\/image\/","url":"https:\/\/maian.com.br\/wp-content\/uploads\/2024\/01\/logosocial.png","contentUrl":"https:\/\/maian.com.br\/wp-content\/uploads\/2024\/01\/logosocial.png","width":200,"height":200,"caption":"Maian"},"image":{"@id":"https:\/\/maian.com.br\/#\/schema\/logo\/image\/"},"sameAs":["https:\/\/www.facebook.com\/maianoficial","https:\/\/www.instagram.com\/maianoficial\/","https:\/\/www.linkedin.com\/company\/maian\/?originalSubdomain=br","https:\/\/www.youtube.com\/@maian-inovadorapornatureza2335"]},{"@type":"Person","@id":"https:\/\/maian.com.br\/#\/schema\/person\/affd8570326b8ecad8abb9ec1db5513a","name":"Admin Maian","image":{"@type":"ImageObject","inLanguage":"en-US","@id":"https:\/\/maian.com.br\/#\/schema\/person\/image\/","url":"https:\/\/secure.gravatar.com\/avatar\/53247144fdbdc0ee8dc79ab832d3c87fd0d8dfb2fde9da0e87448af432f7cea8?s=96&d=mm&r=g","contentUrl":"https:\/\/secure.gravatar.com\/avatar\/53247144fdbdc0ee8dc79ab832d3c87fd0d8dfb2fde9da0e87448af432f7cea8?s=96&d=mm&r=g","caption":"Admin Maian"},"url":"https:\/\/maian.com.br\/en\/author\/maiansp\/"}]}},"_links":{"self":[{"href":"https:\/\/maian.com.br\/en\/wp-json\/wp\/v2\/posts\/1308","targetHints":{"allow":["GET"]}}],"collection":[{"href":"https:\/\/maian.com.br\/en\/wp-json\/wp\/v2\/posts"}],"about":[{"href":"https:\/\/maian.com.br\/en\/wp-json\/wp\/v2\/types\/post"}],"author":[{"embeddable":true,"href":"https:\/\/maian.com.br\/en\/wp-json\/wp\/v2\/users\/4"}],"replies":[{"embeddable":true,"href":"https:\/\/maian.com.br\/en\/wp-json\/wp\/v2\/comments?post=1308"}],"version-history":[{"count":0,"href":"https:\/\/maian.com.br\/en\/wp-json\/wp\/v2\/posts\/1308\/revisions"}],"wp:featuredmedia":[{"embeddable":true,"href":"https:\/\/maian.com.br\/en\/wp-json\/wp\/v2\/media\/1310"}],"wp:attachment":[{"href":"https:\/\/maian.com.br\/en\/wp-json\/wp\/v2\/media?parent=1308"}],"wp:term":[{"taxonomy":"category","embeddable":true,"href":"https:\/\/maian.com.br\/en\/wp-json\/wp\/v2\/categories?post=1308"},{"taxonomy":"post_tag","embeddable":true,"href":"https:\/\/maian.com.br\/en\/wp-json\/wp\/v2\/tags?post=1308"}],"curies":[{"name":"wp","href":"https:\/\/api.w.org\/{rel}","templated":true}]}}